{"id":1517,"date":"2016-01-13T15:12:02","date_gmt":"2016-01-13T14:12:02","guid":{"rendered":"http:\/\/www.btue.de\/?p=1517"},"modified":"2016-01-13T16:38:37","modified_gmt":"2016-01-13T15:38:37","slug":"reisezeit-arbeitszeit","status":"publish","type":"post","link":"https:\/\/www.btue.de\/?p=1517","title":{"rendered":"Reisezeit = Arbeitszeit"},"content":{"rendered":"<p>Nachdem das EUGH Urteil vom 10.09.2015 \u2013 C266\/14 zum Thema Reisezeit ist Arbeitszeit von ver.di und T\u00dcV S\u00dcD verschieden ausgelegt wird, hat <em><strong>bt\u00fc<\/strong><\/em>, wie im letzten o<em><strong>bt\u00fc<\/strong><\/em>mal angek\u00fcndigt, ein Rechtsgutachten von einer renommierten Anwaltskanzlei erstellen lassen.<\/p>\n<p>Dieses Gutachten kommt zu folgendem Ergebnis:<\/p>\n<p><strong>Reisezeit ist Arbeitszeit im Sinne des Arbeitszeitgesetzes.<\/strong><\/p>\n<p>Verg\u00fctungsrechtlich aber sind die Regelungen im Tarifvertrag nicht zu beanstanden.<br \/>\nEine Klage auf Verg\u00fctung der ganzen Reisezeit ist aufgrund des Gutachtens aus unserer Sicht nicht aussichtsreich und damit nicht zu empfehlen. <\/p>\n<p>Bei Fragen k\u00f6nnen sich <em><strong>bt\u00fc<\/strong><\/em> Mitglieder gerne an den <em><strong>bt\u00fc<\/strong><\/em>-Vorstand wenden.<\/p>\n<p>Euer <em><strong>bt\u00fc<\/strong><\/em> -Vorstand<\/p>\n","protected":false},"excerpt":{"rendered":"<p>Nachdem das EUGH Urteil vom 10.09.2015 \u2013 C266\/14 zum Thema Reisezeit ist Arbeitszeit von ver.di und T\u00dcV S\u00dcD verschieden ausgelegt wird, hat bt\u00fc, wie im letzten obt\u00fcmal angek\u00fcndigt, ein Rechtsgutachten von einer renommierten Anwaltskanzlei erstellen lassen. Dieses Gutachten kommt zu folgendem Ergebnis: Reisezeit ist Arbeitszeit im Sinne des Arbeitszeitgesetzes. Verg\u00fctungsrechtlich aber sind die Regelungen im [&hellip;]<\/p>\n","protected":false},"author":4,"featured_media":0,"comment_status":"closed","ping_status":"closed","sticky":false,"template":"","format":"standard","meta":{"footnotes":""},"categories":[16],"tags":[23,22],"class_list":["post-1517","post","type-post","status-publish","format-standard","hentry","category-flugblatt","tag-arbeitszeit","tag-reisezeit"],"_links":{"self":[{"href":"https:\/\/www.btue.de\/index.php?rest_route=\/wp\/v2\/posts\/1517","targetHints":{"allow":["GET"]}}],"collection":[{"href":"https:\/\/www.btue.de\/index.php?rest_route=\/wp\/v2\/posts"}],"about":[{"href":"https:\/\/www.btue.de\/index.php?rest_route=\/wp\/v2\/types\/post"}],"author":[{"embeddable":true,"href":"https:\/\/www.btue.de\/index.php?rest_route=\/wp\/v2\/users\/4"}],"replies":[{"embeddable":true,"href":"https:\/\/www.btue.de\/index.php?rest_route=%2Fwp%2Fv2%2Fcomments&post=1517"}],"version-history":[{"count":2,"href":"https:\/\/www.btue.de\/index.php?rest_route=\/wp\/v2\/posts\/1517\/revisions"}],"predecessor-version":[{"id":1519,"href":"https:\/\/www.btue.de\/index.php?rest_route=\/wp\/v2\/posts\/1517\/revisions\/1519"}],"wp:attachment":[{"href":"https:\/\/www.btue.de\/index.php?rest_route=%2Fwp%2Fv2%2Fmedia&parent=1517"}],"wp:term":[{"taxonomy":"category","embeddable":true,"href":"https:\/\/www.btue.de\/index.php?rest_route=%2Fwp%2Fv2%2Fcategories&post=1517"},{"taxonomy":"post_tag","embeddable":true,"href":"https:\/\/www.btue.de\/index.php?rest_route=%2Fwp%2Fv2%2Ftags&post=1517"}],"curies":[{"name":"wp","href":"https:\/\/api.w.org\/{rel}","templated":true}]}}