{"id":2684,"date":"2023-07-25T17:22:53","date_gmt":"2023-07-25T16:22:53","guid":{"rendered":"https:\/\/www.btue.de\/?p=2684"},"modified":"2023-07-25T17:22:53","modified_gmt":"2023-07-25T16:22:53","slug":"der-btb-heisst-die-mitglieder-der-btue-herzlich-willkommen","status":"publish","type":"post","link":"https:\/\/www.btue.de\/?p=2684","title":{"rendered":"Der BTB hei\u00dft die Mitglieder der <i>bt\u00fc<\/i> &#8222;Herzlich Willkommen&#8220;"},"content":{"rendered":"<p><strong>Wir sind Gewerkschaft!<\/strong><\/p>\n<p>Wie auf dem letzten <strong><em>bt\u00fc-<\/em><\/strong>Delegiertentag beschlossen sind wir zum 01.05.2023 der \u201eBTB &#8211; Gewerkschaft Technik und Naturwissenschaft im dbb &#8211; beamtenbund und tarifunion\u201c als Mitgliedsverband beigetreten. Wir sind nun Mitglied im Bundesvorstand der BTB und wurden, vertreten durch die Vorst\u00e4nde der <strong><em>bt\u00fc<\/em><\/strong> Herrn J\u00f6rg Frimberger, Herrn Marcel Rath und Herrn Uwe Schneider, auf der diesj\u00e4hrigen Bundesvorstandssitzung des BTB herzlichst begr\u00fc\u00dft. Ausf\u00fchrliche Infos findet Sie unter dem Link auf der <a href=\"https:\/\/btb-online.org\/\" target=\"_blank\" rel=\"noopener\">BTB-Homepage<\/a>.<\/p>\n<p>Wir freuen uns auf die Zusammenarbeit und die kommenden Projekte mit der BTB.<\/p>\n<p>Im \u00dcbrigen, jetzt w\u00e4re der richtige Zeitpunkt zum Beitritt in die <strong><em>bt\u00fc<\/em><\/strong>.<br \/>\nSie finden die Beitrittserkl\u00e4rung unter <a href=\"https:\/\/www.btue.de\/wp-content\/uploads\/2023\/06\/btue_Beitrittsformular.pdf\" target=\"_blank\" rel=\"noopener\">btue_Beitrittsformular<\/a>.<\/p>\n","protected":false},"excerpt":{"rendered":"<p>Wir sind Gewerkschaft! Wie auf dem letzten bt\u00fc-Delegiertentag beschlossen sind wir zum 01.05.2023 der \u201eBTB &#8211; Gewerkschaft Technik und Naturwissenschaft im dbb &#8211; beamtenbund und tarifunion\u201c als Mitgliedsverband beigetreten. Wir sind nun Mitglied im Bundesvorstand der BTB und wurden, vertreten durch die Vorst\u00e4nde der bt\u00fc Herrn J\u00f6rg Frimberger, Herrn Marcel Rath und Herrn Uwe Schneider, [&hellip;]<\/p>\n","protected":false},"author":4,"featured_media":0,"comment_status":"closed","ping_status":"closed","sticky":false,"template":"","format":"standard","meta":{"footnotes":""},"categories":[27],"tags":[],"class_list":["post-2684","post","type-post","status-publish","format-standard","hentry","category-btb"],"_links":{"self":[{"href":"https:\/\/www.btue.de\/index.php?rest_route=\/wp\/v2\/posts\/2684","targetHints":{"allow":["GET"]}}],"collection":[{"href":"https:\/\/www.btue.de\/index.php?rest_route=\/wp\/v2\/posts"}],"about":[{"href":"https:\/\/www.btue.de\/index.php?rest_route=\/wp\/v2\/types\/post"}],"author":[{"embeddable":true,"href":"https:\/\/www.btue.de\/index.php?rest_route=\/wp\/v2\/users\/4"}],"replies":[{"embeddable":true,"href":"https:\/\/www.btue.de\/index.php?rest_route=%2Fwp%2Fv2%2Fcomments&post=2684"}],"version-history":[{"count":2,"href":"https:\/\/www.btue.de\/index.php?rest_route=\/wp\/v2\/posts\/2684\/revisions"}],"predecessor-version":[{"id":2686,"href":"https:\/\/www.btue.de\/index.php?rest_route=\/wp\/v2\/posts\/2684\/revisions\/2686"}],"wp:attachment":[{"href":"https:\/\/www.btue.de\/index.php?rest_route=%2Fwp%2Fv2%2Fmedia&parent=2684"}],"wp:term":[{"taxonomy":"category","embeddable":true,"href":"https:\/\/www.btue.de\/index.php?rest_route=%2Fwp%2Fv2%2Fcategories&post=2684"},{"taxonomy":"post_tag","embeddable":true,"href":"https:\/\/www.btue.de\/index.php?rest_route=%2Fwp%2Fv2%2Ftags&post=2684"}],"curies":[{"name":"wp","href":"https:\/\/api.w.org\/{rel}","templated":true}]}}