{"id":2761,"date":"2023-12-10T08:00:38","date_gmt":"2023-12-10T07:00:38","guid":{"rendered":"https:\/\/www.btue.de\/?p=2761"},"modified":"2023-12-21T10:38:17","modified_gmt":"2023-12-21T09:38:17","slug":"festakt-50-jahre-btue-vereinigung-der-beschaeftigten-in-der-technischen-ueberwachung","status":"publish","type":"post","link":"https:\/\/www.btue.de\/?p=2761","title":{"rendered":"Festakt 50 Jahre bt\u00fc \u2013 Vereinigung der Besch\u00e4ftigten in der technischen \u00dcberwachung"},"content":{"rendered":"<p>Am 9. November 2023 fand im Wirtshaus am Bavariapark in M\u00fcnchen die Festveranstaltung zum 50-j\u00e4rigen Bestehen der <strong><em>bt\u00fc<\/em><\/strong> statt.<\/p>\n<p>Moderiert wurde die Veranstaltung vom stellvertretenden Vorsitzenden Andreas Gl\u00fcck. Zu Beginn konnte er neben anderen geladenen G\u00e4sten unter anderem vier anwesende Gr\u00fcndungsmitglieder begr\u00fc\u00dfen \u2013 nach 50 Jahren keine Selbstverst\u00e4ndlichkeit. Anschlie\u00dfend wurde in einer Schweigeminute der verstorbenen Mitglieder gedacht.<\/p>\n<figure id=\"attachment_2763\" aria-describedby=\"caption-attachment-2763\" style=\"width: 640px\" class=\"wp-caption aligncenter\"><img loading=\"lazy\" decoding=\"async\" class=\"wp-image-2763 size-large\" src=\"https:\/\/www.btue.de\/wp-content\/uploads\/2023\/12\/P1012102-1-1024x683.jpg\" alt=\"\" width=\"640\" height=\"427\" srcset=\"https:\/\/www.btue.de\/wp-content\/uploads\/2023\/12\/P1012102-1-1024x683.jpg 1024w, https:\/\/www.btue.de\/wp-content\/uploads\/2023\/12\/P1012102-1-300x200.jpg 300w, https:\/\/www.btue.de\/wp-content\/uploads\/2023\/12\/P1012102-1-150x100.jpg 150w, https:\/\/www.btue.de\/wp-content\/uploads\/2023\/12\/P1012102-1-768x512.jpg 768w, https:\/\/www.btue.de\/wp-content\/uploads\/2023\/12\/P1012102-1-1536x1024.jpg 1536w, https:\/\/www.btue.de\/wp-content\/uploads\/2023\/12\/P1012102-1-2048x1365.jpg 2048w\" sizes=\"auto, (max-width: 640px) 100vw, 640px\" \/><figcaption id=\"caption-attachment-2763\" class=\"wp-caption-text\">Gr\u00fcndungsmitglieder: Erwin Bleier (2. v. l.),\u00a0 Karl Kronast (3. v. l.), Alfred Nagel (4. v. l.), Edgar Scherner (5. v. l.),<\/figcaption><\/figure>\n<figure id=\"attachment_2765\" aria-describedby=\"caption-attachment-2765\" style=\"width: 640px\" class=\"wp-caption aligncenter\"><img loading=\"lazy\" decoding=\"async\" class=\"wp-image-2765 size-large\" src=\"https:\/\/www.btue.de\/wp-content\/uploads\/2023\/12\/P1012113-1-1024x683.jpg\" alt=\"\" width=\"640\" height=\"427\" srcset=\"https:\/\/www.btue.de\/wp-content\/uploads\/2023\/12\/P1012113-1-1024x683.jpg 1024w, https:\/\/www.btue.de\/wp-content\/uploads\/2023\/12\/P1012113-1-300x200.jpg 300w, https:\/\/www.btue.de\/wp-content\/uploads\/2023\/12\/P1012113-1-150x100.jpg 150w, https:\/\/www.btue.de\/wp-content\/uploads\/2023\/12\/P1012113-1-768x512.jpg 768w, https:\/\/www.btue.de\/wp-content\/uploads\/2023\/12\/P1012113-1-1536x1024.jpg 1536w, https:\/\/www.btue.de\/wp-content\/uploads\/2023\/12\/P1012113-1-2048x1365.jpg 2048w\" sizes=\"auto, (max-width: 640px) 100vw, 640px\" \/><figcaption id=\"caption-attachment-2765\" class=\"wp-caption-text\">Alle Vorsitzende der <strong><em>bt\u00fc<\/em><\/strong> seit der Gr\u00fcndung <br \/>von Links: J\u00f6rg Frimberger, Alfred Nagel, Heinz Festner, Franz Holzhammer, Franz H\u00f6ng und Reinhold Rieger<\/figcaption><\/figure>\n<p>Das Gru\u00dfwort des Bayerischen Beamtenbundes \u00fcbernahm der Vorsitzende Rainer Nachtigall. Er erinnerte an die Bedeutung des Datums 9. November in der deutschen Geschichte und verband das <strong><em>bt\u00fc<\/em><\/strong>-Motto \u201egemeinsam sind wir stark\u201c mit dem Wunsch, dass die <strong><em>bt\u00fc<\/em><\/strong> auch weiter f\u00fcr Gemeinschaft und gegen Hass und Ausgrenzung stehen m\u00f6ge.<\/p>\n<figure id=\"attachment_2764\" aria-describedby=\"caption-attachment-2764\" style=\"width: 320px\" class=\"wp-caption aligncenter\"><img loading=\"lazy\" decoding=\"async\" class=\"wp-image-2764\" src=\"https:\/\/www.btue.de\/wp-content\/uploads\/2023\/12\/P1012026-3-e1702914902100-857x1024.jpg\" alt=\"\" width=\"320\" height=\"383\" srcset=\"https:\/\/www.btue.de\/wp-content\/uploads\/2023\/12\/P1012026-3-e1702914902100-857x1024.jpg 857w, https:\/\/www.btue.de\/wp-content\/uploads\/2023\/12\/P1012026-3-e1702914902100-251x300.jpg 251w, https:\/\/www.btue.de\/wp-content\/uploads\/2023\/12\/P1012026-3-e1702914902100-126x150.jpg 126w, https:\/\/www.btue.de\/wp-content\/uploads\/2023\/12\/P1012026-3-e1702914902100-768x918.jpg 768w, https:\/\/www.btue.de\/wp-content\/uploads\/2023\/12\/P1012026-3-e1702914902100.jpg 1081w\" sizes=\"auto, (max-width: 320px) 100vw, 320px\" \/><figcaption id=\"caption-attachment-2764\" class=\"wp-caption-text\">Vorsitzender des Bayerischen Beamtenbundes Rainer Nachtigall<\/figcaption><\/figure>\n<p>Gr\u00fcndungsmitglied Alfred Nagel konnte in seinem Vortrag auch auf die Jahre vor Gr\u00fcndung der <strong>BT\u00dc<\/strong> (ja, sie wurde damals gro\u00dfgeschrieben) zur\u00fcckblicken. Das Bewahren und Sichern von besseren Arbeitsbedingungen als in der 1973 intendierten Tarifgemeinschaft der Technischen \u00dcberwachungsvereine war damals das vordringliche Ziel der Vereinigung. In der weitern Entwicklung konnten auch im vor-politischen Raum die Interessen der Besch\u00e4ftigten in der technischen \u00dcberwachung vorgebracht und ihre Arbeitspl\u00e4tze gesichert werden. Als heute noch sichtbaren Erfolg verbuchte man, dass die 1. Hauptuntersuchung von Personenkraftwagen 3 Jahre nach der Erstzulassung f\u00e4llig ist und nicht nach 4 Jahren. Mit zunehmender Liberalisierung staatlich betrauter Aufgaben vor allem in den 80er und beginnenden 90er Jahren ergaben sich hier neue Aktionsfelder.<\/p>\n<p>Das Gru\u00dfwort des BTB Gewerkschaft Technik und Naturwissenschaft \u00fcbernahm der stellvertretende Bundesvorsitzende Michael Brendle. Mit der Aufnahme in den BTB hat die <strong><em>bt\u00fc<\/em><\/strong> einen starken Partner, um auch in Tarifverhandlungen einsteigen zu k\u00f6nnen. Dar\u00fcber hinaus bestehen gleich gelagerte Interessen, da sich Aufgabengebiete der Besch\u00e4ftigten teilweise \u00fcberschneiden aber auf jeden Fall erg\u00e4nzen.<\/p>\n<figure id=\"attachment_2767\" aria-describedby=\"caption-attachment-2767\" style=\"width: 546px\" class=\"wp-caption aligncenter\"><img loading=\"lazy\" decoding=\"async\" class=\"wp-image-2767\" src=\"https:\/\/www.btue.de\/wp-content\/uploads\/2023\/12\/P1012122-1-1024x683.jpg\" alt=\"\" width=\"546\" height=\"364\" srcset=\"https:\/\/www.btue.de\/wp-content\/uploads\/2023\/12\/P1012122-1-1024x683.jpg 1024w, https:\/\/www.btue.de\/wp-content\/uploads\/2023\/12\/P1012122-1-300x200.jpg 300w, https:\/\/www.btue.de\/wp-content\/uploads\/2023\/12\/P1012122-1-150x100.jpg 150w, https:\/\/www.btue.de\/wp-content\/uploads\/2023\/12\/P1012122-1-768x512.jpg 768w, https:\/\/www.btue.de\/wp-content\/uploads\/2023\/12\/P1012122-1-1536x1024.jpg 1536w, https:\/\/www.btue.de\/wp-content\/uploads\/2023\/12\/P1012122-1-2048x1365.jpg 2048w\" sizes=\"auto, (max-width: 546px) 100vw, 546px\" \/><figcaption id=\"caption-attachment-2767\" class=\"wp-caption-text\">Stellvertretender Bundesvorsitzende der BTB Gewerkschaft Technik und Naturwissenschaft: Michael Brendle (2. v. l.)<\/figcaption><\/figure>\n<p>Vorsitzender J\u00f6rg Frimberger konnte an den Vortrag von Alfred Nagel ankn\u00fcpfen und vor allem auf die Aktivit\u00e4ten der <strong><em>bt\u00fc<\/em><\/strong> nach dem BAG-Beschluss, dass die <strong><em>bt\u00fc<\/em><\/strong> keine Gewerkschaft sei, zur\u00fcckblicken. Trotz des Verlusts des Gewerkschaftsstatus\u00b4 konnte die <strong><em>bt\u00fc<\/em><\/strong> weiter bestehen und Mitglieder gewinnen. Sehr stark engagierte sich die <strong><em>bt\u00fc<\/em><\/strong> damals in der Betriebsratsarbeit und konnte hier Erfolge vorweisen. Nach der Verabschiedung des Tarifeinheitsgesetzes ergaben sich neue Ans\u00e4tze, auch in der Tarifpolitik t\u00e4tig zu werden. Im Bereich der Mitbestimmung in Betriebsratsgremien und der Arbeitnehmervertreter in den mitbestimmten Aufsichtsr\u00e4ten war die <strong><em>bt\u00fc<\/em><\/strong> seit jeher erfolgreich. Der Logische Schritt zur Tarifpartei ist dadurch vorgezeichnet. Zum Abschluss verdeutlichte er, dass der Arbeitsmarkt im Wandel ist. Nicht mehr der Arbeitgeber sucht sich den Arbeitnehmer aus, sondern umgekehrt. Dadurch kommt Tarifvertr\u00e4gen nicht mehr nur die Verbesserung von Arbeitsbedingungen der bestehenden Arbeitnehmer zu, sondern auch die Sicherung und Steigerung der Attraktivit\u00e4t der Arbeitspl\u00e4tze.<\/p>\n<p>Insgesamt erhielten die <strong><em>bt\u00fc <\/em><\/strong>ein durchweg positives Feedback zu dieser Veranstaltung. Das 3-G\u00e4nge-Men\u00fc hatte daran auch seinen Anteil, aber vor allem das Wiedersehen mit vielen Aktiven und Funktionstr\u00e4gern aus 50 Jahren und viele gute Gespr\u00e4che.<\/p>\n<p>Anbei der Link zur <a href=\"https:\/\/www.btue.de\/wp-content\/uploads\/2023\/11\/BTUe_Festschrift_A4_2023_ONLINE.pdf\" target=\"_blank\" rel=\"noopener\">BTU\u0308_Festschrift_50_Jahre<\/a><\/p>\n<p>&nbsp;<\/p>\n","protected":false},"excerpt":{"rendered":"<p>Am 9. November 2023 fand im Wirtshaus am Bavariapark in M\u00fcnchen die Festveranstaltung zum 50-j\u00e4rigen Bestehen der bt\u00fc statt. Moderiert wurde die Veranstaltung vom stellvertretenden Vorsitzenden Andreas Gl\u00fcck. Zu Beginn konnte er neben anderen geladenen G\u00e4sten unter anderem vier anwesende Gr\u00fcndungsmitglieder begr\u00fc\u00dfen \u2013 nach 50 Jahren keine Selbstverst\u00e4ndlichkeit. Anschlie\u00dfend wurde in einer Schweigeminute der verstorbenen [&hellip;]<\/p>\n","protected":false},"author":4,"featured_media":0,"comment_status":"closed","ping_status":"closed","sticky":false,"template":"","format":"gallery","meta":{"footnotes":""},"categories":[25],"tags":[],"class_list":["post-2761","post","type-post","status-publish","format-gallery","hentry","category-50-jahre","post_format-post-format-gallery"],"_links":{"self":[{"href":"https:\/\/www.btue.de\/index.php?rest_route=\/wp\/v2\/posts\/2761","targetHints":{"allow":["GET"]}}],"collection":[{"href":"https:\/\/www.btue.de\/index.php?rest_route=\/wp\/v2\/posts"}],"about":[{"href":"https:\/\/www.btue.de\/index.php?rest_route=\/wp\/v2\/types\/post"}],"author":[{"embeddable":true,"href":"https:\/\/www.btue.de\/index.php?rest_route=\/wp\/v2\/users\/4"}],"replies":[{"embeddable":true,"href":"https:\/\/www.btue.de\/index.php?rest_route=%2Fwp%2Fv2%2Fcomments&post=2761"}],"version-history":[{"count":8,"href":"https:\/\/www.btue.de\/index.php?rest_route=\/wp\/v2\/posts\/2761\/revisions"}],"predecessor-version":[{"id":2774,"href":"https:\/\/www.btue.de\/index.php?rest_route=\/wp\/v2\/posts\/2761\/revisions\/2774"}],"wp:attachment":[{"href":"https:\/\/www.btue.de\/index.php?rest_route=%2Fwp%2Fv2%2Fmedia&parent=2761"}],"wp:term":[{"taxonomy":"category","embeddable":true,"href":"https:\/\/www.btue.de\/index.php?rest_route=%2Fwp%2Fv2%2Fcategories&post=2761"},{"taxonomy":"post_tag","embeddable":true,"href":"https:\/\/www.btue.de\/index.php?rest_route=%2Fwp%2Fv2%2Ftags&post=2761"}],"curies":[{"name":"wp","href":"https:\/\/api.w.org\/{rel}","templated":true}]}}