{"id":2877,"date":"2024-08-16T07:58:25","date_gmt":"2024-08-16T06:58:25","guid":{"rendered":"https:\/\/www.btue.de\/?p=2877"},"modified":"2024-08-16T07:59:16","modified_gmt":"2024-08-16T06:59:16","slug":"die-tarifkommission-der-btue-ein-wichtiger-schritt-in-die-zukunft","status":"publish","type":"post","link":"https:\/\/www.btue.de\/?p=2877","title":{"rendered":"Die Tarifkommission der <i>bt\u00fc<\/i>: <br>Ein wichtiger Schritt in die Zukunft"},"content":{"rendered":"<p>Im Juni haben die Mitglieder der <strong><em>bt\u00fc<\/em><\/strong> ihre Tarifkommission gew\u00e4hlt, ein bedeutender Schritt zur St\u00e4rkung der Arbeitnehmerinteressen (siehe unten).<\/p>\n<p>Am 04. Juli 2024 fand die konstituierende Sitzung statt, bei der Caroline Stiefel (T\u00dcV S\u00dcD Auto Service GmbH) zur Sprecherin gew\u00e4hlt wurde. Unterst\u00fctzt wird sie von Meike Straub (T\u00dcV S\u00dcD Akademie GmbH) als erste Stellvertreterin und von Manfred Holzapfel (T\u00dcV S\u00dcD Industrie Service GmbH) als zweiten Stellvertreter. Das Team setzt sich mit Erfahrung, Expertise und Engagement f\u00fcr die Anliegen der Arbeitnehmer ein.<\/p>\n<p>Die Wahl der Tarifkommission war ein wichtiger Meilenstein f\u00fcr die <strong><em>bt\u00fc<\/em><\/strong>. Sie stellt sicher, dass die Interessen der Mitarbeiter effektiv vertreten werden. Auf einer Klausurtagung Anfang September sollen nun die n\u00e4chsten Schritte geplant werden. Dabei wird die Tarifkommission eine Strategie erarbeiten und Ziele festlegen, um die Interessen der Mitarbeiter bestm\u00f6glich zu vertreten. Diese Klausurtagung wird entscheidend sein, um die Weichen f\u00fcr die zuk\u00fcnftige Arbeit der Tarifkommission zu stellen.<\/p>\n<p>Die Mitglieder der Tarifkommission danken den <strong><em>bt\u00fc<\/em><\/strong>-Mitgliedern f\u00fcr das entgegengebrachte Vertrauen und versprechen, sich mit voller Kraft f\u00fcr ihre Interessen einzusetzen.<\/p>\n","protected":false},"excerpt":{"rendered":"<p>Im Juni haben die Mitglieder der bt\u00fc ihre Tarifkommission gew\u00e4hlt, ein bedeutender Schritt zur St\u00e4rkung der Arbeitnehmerinteressen (siehe unten). Am 04. Juli 2024 fand die konstituierende Sitzung statt, bei der Caroline Stiefel (T\u00dcV S\u00dcD Auto Service GmbH) zur Sprecherin gew\u00e4hlt wurde. Unterst\u00fctzt wird sie von Meike Straub (T\u00dcV S\u00dcD Akademie GmbH) als erste Stellvertreterin und [&hellip;]<\/p>\n","protected":false},"author":4,"featured_media":0,"comment_status":"closed","ping_status":"closed","sticky":false,"template":"","format":"standard","meta":{"footnotes":""},"categories":[30],"tags":[],"class_list":["post-2877","post","type-post","status-publish","format-standard","hentry","category-tarifkommission"],"_links":{"self":[{"href":"https:\/\/www.btue.de\/index.php?rest_route=\/wp\/v2\/posts\/2877","targetHints":{"allow":["GET"]}}],"collection":[{"href":"https:\/\/www.btue.de\/index.php?rest_route=\/wp\/v2\/posts"}],"about":[{"href":"https:\/\/www.btue.de\/index.php?rest_route=\/wp\/v2\/types\/post"}],"author":[{"embeddable":true,"href":"https:\/\/www.btue.de\/index.php?rest_route=\/wp\/v2\/users\/4"}],"replies":[{"embeddable":true,"href":"https:\/\/www.btue.de\/index.php?rest_route=%2Fwp%2Fv2%2Fcomments&post=2877"}],"version-history":[{"count":2,"href":"https:\/\/www.btue.de\/index.php?rest_route=\/wp\/v2\/posts\/2877\/revisions"}],"predecessor-version":[{"id":2879,"href":"https:\/\/www.btue.de\/index.php?rest_route=\/wp\/v2\/posts\/2877\/revisions\/2879"}],"wp:attachment":[{"href":"https:\/\/www.btue.de\/index.php?rest_route=%2Fwp%2Fv2%2Fmedia&parent=2877"}],"wp:term":[{"taxonomy":"category","embeddable":true,"href":"https:\/\/www.btue.de\/index.php?rest_route=%2Fwp%2Fv2%2Fcategories&post=2877"},{"taxonomy":"post_tag","embeddable":true,"href":"https:\/\/www.btue.de\/index.php?rest_route=%2Fwp%2Fv2%2Ftags&post=2877"}],"curies":[{"name":"wp","href":"https:\/\/api.w.org\/{rel}","templated":true}]}}