{"id":2935,"date":"2024-09-26T09:56:40","date_gmt":"2024-09-26T08:56:40","guid":{"rendered":"https:\/\/www.btue.de\/?p=2935"},"modified":"2025-01-15T19:35:48","modified_gmt":"2025-01-15T18:35:48","slug":"aktion-wer-ist-und-was-macht-die-gewerkschaft-btue","status":"publish","type":"post","link":"https:\/\/www.btue.de\/?p=2935","title":{"rendered":"Aktion \u201eWer ist und was macht die Gewerkschaft <i>bt\u00fc<\/i>?\u201c"},"content":{"rendered":"<p>Am 19. September 2024 konnten sich die Mitarbeiterinnen und Mitarbeiter in der Kantine M\u00fcnchen einen umfassenden \u00dcberblick \u00fcber die Arbeit ihrer Gewerkschaft <strong><em>bt\u00fc<\/em><\/strong> verschaffen. Unter dem Motto \u201eWer ist und was macht die Gewerkschaft bt\u00fc?\u201c stellten wir unsere vielseitigen Angebote vor \u2013 von gerechten L\u00f6hnen, \u00fcber sichere Arbeitspl\u00e4tze bis hin zu Tarifvertr\u00e4gen mit Weitblick.<\/p>\n<p>Unser Ziel? Arbeitsbedingungen verbessern, \u00dcberstunden fair verg\u00fcten und die Mitarbeiter vor Diskriminierung und unsicheren Arbeitsverh\u00e4ltnissen sch\u00fctzen. Die Veranstaltung bot spannende Einblicke in unsere Arbeit und den M\u00f6glichkeiten in der <strong><em>bt\u00fc<\/em> &#8211; <\/strong>von den Vorteilen der dbb-Vorteilswelt bis hin zum rechtlichem Beistand.<\/p>\n<p>Vielen Dank an alle, die dabei waren und an interessanten Gespr\u00e4chen und regen Diskussionen teilnahmen.<\/p>\n<p>Aktuell l\u00e4uft eine Umfrage: &#8222;W\u00fcnsche an die <strong><em>bt\u00fc<\/em><\/strong>-Tarifkommission\u201c. \u00dcber den Link kann man noch teilnehmen und seine W\u00fcnsche und Anregungen abgeben:\u00a0<a href=\"https:\/\/forms.office.com\/e\/utjmrNN4qY\" target=\"_blank\" rel=\"noopener\">Umfrage<\/a><\/p>\n<p><img loading=\"lazy\" decoding=\"async\" class=\"aligncenter size-full wp-image-2936\" src=\"https:\/\/www.btue.de\/wp-content\/uploads\/2024\/09\/Infoveranstaltung-beim-TUeV-SUeD.png\" alt=\"\" width=\"940\" height=\"788\" srcset=\"https:\/\/www.btue.de\/wp-content\/uploads\/2024\/09\/Infoveranstaltung-beim-TUeV-SUeD.png 940w, https:\/\/www.btue.de\/wp-content\/uploads\/2024\/09\/Infoveranstaltung-beim-TUeV-SUeD-300x251.png 300w, https:\/\/www.btue.de\/wp-content\/uploads\/2024\/09\/Infoveranstaltung-beim-TUeV-SUeD-150x126.png 150w, https:\/\/www.btue.de\/wp-content\/uploads\/2024\/09\/Infoveranstaltung-beim-TUeV-SUeD-768x644.png 768w\" sizes=\"auto, (max-width: 940px) 100vw, 940px\" \/><\/p>\n","protected":false},"excerpt":{"rendered":"<p>Am 19. September 2024 konnten sich die Mitarbeiterinnen und Mitarbeiter in der Kantine M\u00fcnchen einen umfassenden \u00dcberblick \u00fcber die Arbeit ihrer Gewerkschaft bt\u00fc verschaffen. Unter dem Motto \u201eWer ist und was macht die Gewerkschaft bt\u00fc?\u201c stellten wir unsere vielseitigen Angebote vor \u2013 von gerechten L\u00f6hnen, \u00fcber sichere Arbeitspl\u00e4tze bis hin zu Tarifvertr\u00e4gen mit Weitblick. Unser [&hellip;]<\/p>\n","protected":false},"author":4,"featured_media":0,"comment_status":"closed","ping_status":"closed","sticky":false,"template":"","format":"standard","meta":{"footnotes":""},"categories":[38,13,26],"tags":[],"class_list":["post-2935","post","type-post","status-publish","format-standard","hentry","category-btb-magazin","category-event","category-gewerkschaft"],"_links":{"self":[{"href":"https:\/\/www.btue.de\/index.php?rest_route=\/wp\/v2\/posts\/2935","targetHints":{"allow":["GET"]}}],"collection":[{"href":"https:\/\/www.btue.de\/index.php?rest_route=\/wp\/v2\/posts"}],"about":[{"href":"https:\/\/www.btue.de\/index.php?rest_route=\/wp\/v2\/types\/post"}],"author":[{"embeddable":true,"href":"https:\/\/www.btue.de\/index.php?rest_route=\/wp\/v2\/users\/4"}],"replies":[{"embeddable":true,"href":"https:\/\/www.btue.de\/index.php?rest_route=%2Fwp%2Fv2%2Fcomments&post=2935"}],"version-history":[{"count":3,"href":"https:\/\/www.btue.de\/index.php?rest_route=\/wp\/v2\/posts\/2935\/revisions"}],"predecessor-version":[{"id":2939,"href":"https:\/\/www.btue.de\/index.php?rest_route=\/wp\/v2\/posts\/2935\/revisions\/2939"}],"wp:attachment":[{"href":"https:\/\/www.btue.de\/index.php?rest_route=%2Fwp%2Fv2%2Fmedia&parent=2935"}],"wp:term":[{"taxonomy":"category","embeddable":true,"href":"https:\/\/www.btue.de\/index.php?rest_route=%2Fwp%2Fv2%2Fcategories&post=2935"},{"taxonomy":"post_tag","embeddable":true,"href":"https:\/\/www.btue.de\/index.php?rest_route=%2Fwp%2Fv2%2Ftags&post=2935"}],"curies":[{"name":"wp","href":"https:\/\/api.w.org\/{rel}","templated":true}]}}