{"id":3453,"date":"2026-01-23T14:37:24","date_gmt":"2026-01-23T13:37:24","guid":{"rendered":"https:\/\/www.btue.de\/?p=3453"},"modified":"2026-03-10T17:40:49","modified_gmt":"2026-03-10T16:40:49","slug":"gemeinsam-staerker-das-100-neumitglied-der-btue-im-btb-im-jahr-2025-im-interview","status":"publish","type":"post","link":"https:\/\/www.btue.de\/?p=3453","title":{"rendered":"Gemeinsam st\u00e4rker: Das 100. Neumitglied der <strong><i>bt\u00fc<\/i><\/strong> im BTB im Jahr 2025 im Interview"},"content":{"rendered":"<p>\u00dcber 100 neue Mitglieder in einem Jahr bei T\u00dcV S\u00dcD \u2013 das ist ein starkes Zeichen f\u00fcr Zusammenhalt und Solidarit\u00e4t.<\/p>\n<p>Stellvertretend f\u00fcr viele Kolleginnen und Kollegen haben wir unser 100. Mitglied im Jahr 2025, Constanze Ridil-Allmesberger, interviewt und nachgefragt, was sie dazu bewegt hat, der Gewerkschaft <strong><em>bt\u00fc<\/em><\/strong> im BTB beizutreten und was ihr gewerkschaftliches Engagement bedeutet.<\/p>\n<p>&nbsp;<\/p>\n<figure id=\"attachment_3456\" aria-describedby=\"caption-attachment-3456\" style=\"width: 1024px\" class=\"wp-caption aligncenter\"><img loading=\"lazy\" decoding=\"async\" class=\"size-large wp-image-3456\" src=\"https:\/\/www.btue.de\/wp-content\/uploads\/2026\/01\/100_stes_Mitglied_2025_2-1024x1024.png\" alt=\"\" width=\"1024\" height=\"1024\" srcset=\"https:\/\/www.btue.de\/wp-content\/uploads\/2026\/01\/100_stes_Mitglied_2025_2-1024x1024.png 1024w, https:\/\/www.btue.de\/wp-content\/uploads\/2026\/01\/100_stes_Mitglied_2025_2-300x300.png 300w, https:\/\/www.btue.de\/wp-content\/uploads\/2026\/01\/100_stes_Mitglied_2025_2-150x150.png 150w, https:\/\/www.btue.de\/wp-content\/uploads\/2026\/01\/100_stes_Mitglied_2025_2-768x768.png 768w, https:\/\/www.btue.de\/wp-content\/uploads\/2026\/01\/100_stes_Mitglied_2025_2.png 1080w\" sizes=\"auto, (max-width: 1024px) 100vw, 1024px\" \/><figcaption id=\"caption-attachment-3456\" class=\"wp-caption-text\">Links nach rechts: Franziska Wagner, Marcel Rath, Constanze Ridil-Allmesberger<\/figcaption><\/figure>\n<p>&nbsp;<\/p>\n<p>Liebe Constanze,<\/p>\n<p>es freut uns sehr, dass wir dich als 100. Neumitglied im Jahr 2025 bei der <strong><em>bt\u00fc<\/em><\/strong> im BTB begr\u00fc\u00dfen durften.<\/p>\n<p><strong>Magst du dich kurz vorstellen? Wer bist du und was ist deine T\u00e4tigkeit bei T\u00dcV S\u00dcD?<\/strong><br \/>\n<em>Vielen Dank und sehr gerne: Mein Name ist Constanze Ridil-Allmesberger, 55 Jahre und wohne mit meinem Mann in Augsburg. Ich bin bei T\u00dcV S\u00dcD seit knapp 13 Jahren t\u00e4tig. Gestartet habe ich in der T\u00dcV S\u00dcD Management Service GmbH im Marketing. Aktuell bin ich f\u00fcr die T\u00dcV S\u00dcD CEP GmbH aktiv \u2013 als Marketing Business Partner, aber weiterhin f\u00fcr die Aufgaben der T\u00dcV S\u00dcD Management Service verantwortlich.<\/em><\/p>\n<p><strong>Wie bist du urspr\u00fcnglich auf die<\/strong> <strong><em>bt\u00fc<\/em><\/strong> im BTB <strong>aufmerksam geworden?<br \/>\n<\/strong><em>Die <\/em><strong><em>bt\u00fc<\/em><\/strong> im BTB<em> kenne ich schon l\u00e4nger \u2013 spannend wurde f\u00fcr mich, dass die <\/em><strong><em>bt\u00fc<\/em><\/strong> im BTB<em> jetzt als Gewerkschaft aktiv ist. Und eine Gewerkschaft lebt ja von ihren Mitgliedern.<\/em><\/p>\n<p><strong>Was war f\u00fcr dich der ausschlaggebende Grund, der <\/strong><strong><em>bt\u00fc<\/em><\/strong> im BTB<strong> beizutreten?<\/strong><br \/>\n<em>Die Menschen dahinter und das Gef\u00fchl, dass unsere aktuelle bei T\u00dcV S\u00dcD zust\u00e4ndige Gewerkschaft nicht besonders engagiert ist. Unser Gesch\u00e4ft \u2013 n\u00e4mlich die technische \u00dcberwachung, Auditierung, Zertifizierung, Pr\u00fcfung usw. &#8211; ist hochkomplex und ich bin davon \u00fcberzeugt, dass man hier eine Gewerkschaft braucht, die mit Fachexperten besetzt ist. Parallel dazu bin ich wie gesagt jetzt seit 13 Jahren an Bord und in dieser Zeit habe ich noch nie einen Gewerkschaftsvertreter von der anderen Gewerkschaft getroffen. Wir hatten letztens eine Betriebsversammlung, wo das eigentlich ein Tagesordnungspunkt war, aber leider ist auch hier keiner erschienen. Mich h\u00e4tte der Austausch sehr interessiert.<\/em><\/p>\n<p><strong>Gab es einen konkreten Moment oder ein Ereignis, das deine Entscheidung beeinflusst hat?<\/strong><br \/>\n<em>Ein T\u00dcV S\u00dcD\u2018ler \u2013 oder auch eine T\u00dcV S\u00dcD\u2018lerin \u2013 hat immer ein gutes Netzwerk. Vor allem hier in M\u00fcnchen. Dadurch wurde ich u. a. auf Veranstaltungen des <\/em><strong><em>bt\u00fc<\/em><\/strong><em>-Frauennetzwerkes eingeladen. Hier habe ich die sehr engagierte Kollegin Franziska Wagner getroffen. Die Energie war einfach \u00fcberzeugend. Parallel dazu kenne und sch\u00e4tze ich auch Marcel Rath sehr, auch ein gutes Argument f\u00fcr eine Mitgliedschaft.<\/em><\/p>\n<p><strong>Was w\u00fcnscht du dir pers\u00f6nlich von einer Mitgliedschaft bei der <\/strong><strong><em>bt\u00fc<\/em><\/strong> im BTB<strong>?<\/strong><br \/>\n<em>Ich freue mich auf das Netzwerk und die Informationen aus der T\u00dcV S\u00dcD Basis heraus.<\/em><\/p>\n<p><strong>Haben sich diese Erwartungen bisher erf\u00fcllt?<\/strong><br \/>\n<em>Ich bin erst seit ein paar Wochen dabei, aber die Preis\u00fcbergabe hat mich schon mal sehr begeistert (lacht). Ansonsten freue ich mich mehr zu erfahren und mein Netzwerk zu erweitern. Am 05.03.2026 hat das bt\u00fc-Frauennetzwerk beispielsweise ein Mittagessen mit Aufsichtsr\u00e4ten organisiert \u2013 noch n\u00e4her an der Belegschaft kann man meine ich fast nicht sein.<\/em><\/p>\n<p><strong>Gab es etwas, das dich positiv \u00fcberrascht hat?<br \/>\n<\/strong><em>Wie gesagt, die Energie ist toll.<\/em><\/p>\n<p><strong>Welche Rolle spielt Solidarit\u00e4t f\u00fcr dich im Arbeitsalltag?<\/strong><br \/>\n<em>Das ist ein guter Punkt \u2013 Solidarit\u00e4t sollte in allen Lebensbereichen eine Rolle spielen.<\/em><\/p>\n<p><strong>Wie wichtig ist dir der Gedanke, Teil einer starken Gemeinschaft zu sein?<\/strong><br \/>\n<em>Man ist nicht bei T\u00dcV S\u00dcD angestellt \u2013 man ist Teil der T\u00dcV S\u00dcD Familie. Wir \u201eT\u00dcV\u2018ler\u201c stehen f\u00fcr Sicherheit, Vertrauen, Engagement und Zuverl\u00e4ssigkeit. Werte, die in einer starken Gesellschaft essenziell sind. Gemeinsames Engagement ist daher sehr wichtig und st\u00e4rkt. Es freut mich, dass die <\/em><strong><em>bt\u00fc<\/em><\/strong> im BTB<em> diese Werte \u2013 so habe ich das Gef\u00fchl \u2013 gut vertritt.<\/em><\/p>\n<p><strong>Was w\u00fcnschst du dir f\u00fcr die Zukunft der Besch\u00e4ftigten bei T\u00dcV S\u00dcD?<\/strong><br \/>\n<em>Ganz klassisch: Ein Arbeitsumfeld, das Freude bereitet. Mit Sicherheit f\u00fcr die Zukunft, Wachstum, pers\u00f6nlichen Entwicklungschancen etc. Das w\u00fcnsche ich \u00fcbrigens allen Besch\u00e4ftigten in der Wirtschaft. <\/em><\/p>\n<p><strong>Was w\u00fcrdest du Kolleginnen, bzw. Kollegen mitteilen, die noch unsicher sind, ob sie der <\/strong><strong><em>bt\u00fc<\/em><\/strong> im BTB<strong> beitreten sollen?<\/strong><br \/>\n<em>Wer sich interessiert, sollte unbedingt Kontakt zu einem Mitglied aufnehmen und sich pers\u00f6nlich informieren. Jeder hat eigene Bed\u00fcrfnisse oder Fragen und im pers\u00f6nlichen Gespr\u00e4ch erf\u00e4hrt man am besten, was einen im Speziellen interessiert.<\/em><\/p>\n<p><strong>Wenn du den Gewerkschaftsbeitritt bei die <\/strong><strong><em>bt\u00fc<\/em><\/strong> im BTB<strong> in einem Satz zusammenfassen m\u00fcsstest \u2013 wie w\u00fcrde er lauten?<\/strong><br \/>\n<em>Spannend \u2013 ich war noch nie Gewerkschaftsmitglied.<\/em><\/p>\n<p><strong>Wie f\u00fchlt es sich f\u00fcr dich an, das 100. Mitglied zu sein?<\/strong><br \/>\n<em>Erwartungsvoll. So wie ich es verstehe, bin ich ja das 100ste neue Mitglied nur in 2025 gerechnet. Bei <\/em><strong><em>bt\u00fc<\/em><\/strong> im BTB<em> sind ja weitaus mehr Kolleginnen und Kollegen, das muss man vielleicht dazu sagen.<\/em><\/p>\n<p><em>\u00a0<\/em><strong>M\u00f6chtest du uns zum Abschluss noch etwas mit auf den Weg geben?<\/strong><br \/>\n<em>Nat\u00fcrlich ein ganz gro\u00dfes Danke f\u00fcr die \u00dcbergabe \u2013 das hatte schon einen ganz besonderen Charme.<\/em><\/p>\n<p>&nbsp;<\/p>\n<p>Herzlichen Dank Constanze, dass du dir die Zeit genommen hast, um deine Erfahrungen und Beweggr\u00fcnde in diesem Interview mit uns zu teilen. Die pers\u00f6nlichen Einblicke zeigen, wie wichtig gemeinsames Engagement und Solidarit\u00e4t sind. Dieses Gespr\u00e4ch hat wieder einmal deutlich gemacht: Gewerkschaft lebt vom Mitmachen. Gemeinsam sind wir st\u00e4rker, k\u00f6nnen unsere Interessen besser vertreten und Ver\u00e4nderungen bewirken. Deshalb lohnt es sich, Mitglied zu werden \u2013 und auch Kolleginnen und Kollegen f\u00fcr eine Mitgliedschaft zu gewinnen.<\/p>\n","protected":false},"excerpt":{"rendered":"<p>\u00dcber 100 neue Mitglieder in einem Jahr bei T\u00dcV S\u00dcD \u2013 das ist ein starkes Zeichen f\u00fcr Zusammenhalt und Solidarit\u00e4t. Stellvertretend f\u00fcr viele Kolleginnen und Kollegen haben wir unser 100. Mitglied im Jahr 2025, Constanze Ridil-Allmesberger, interviewt und nachgefragt, was sie dazu bewegt hat, der Gewerkschaft bt\u00fc im BTB beizutreten und was ihr gewerkschaftliches Engagement [&hellip;]<\/p>\n","protected":false},"author":4,"featured_media":0,"comment_status":"closed","ping_status":"closed","sticky":false,"template":"","format":"standard","meta":{"footnotes":""},"categories":[1,38],"tags":[],"class_list":["post-3453","post","type-post","status-publish","format-standard","hentry","category-allgemein","category-btb-magazin"],"_links":{"self":[{"href":"https:\/\/www.btue.de\/index.php?rest_route=\/wp\/v2\/posts\/3453","targetHints":{"allow":["GET"]}}],"collection":[{"href":"https:\/\/www.btue.de\/index.php?rest_route=\/wp\/v2\/posts"}],"about":[{"href":"https:\/\/www.btue.de\/index.php?rest_route=\/wp\/v2\/types\/post"}],"author":[{"embeddable":true,"href":"https:\/\/www.btue.de\/index.php?rest_route=\/wp\/v2\/users\/4"}],"replies":[{"embeddable":true,"href":"https:\/\/www.btue.de\/index.php?rest_route=%2Fwp%2Fv2%2Fcomments&post=3453"}],"version-history":[{"count":6,"href":"https:\/\/www.btue.de\/index.php?rest_route=\/wp\/v2\/posts\/3453\/revisions"}],"predecessor-version":[{"id":3490,"href":"https:\/\/www.btue.de\/index.php?rest_route=\/wp\/v2\/posts\/3453\/revisions\/3490"}],"wp:attachment":[{"href":"https:\/\/www.btue.de\/index.php?rest_route=%2Fwp%2Fv2%2Fmedia&parent=3453"}],"wp:term":[{"taxonomy":"category","embeddable":true,"href":"https:\/\/www.btue.de\/index.php?rest_route=%2Fwp%2Fv2%2Fcategories&post=3453"},{"taxonomy":"post_tag","embeddable":true,"href":"https:\/\/www.btue.de\/index.php?rest_route=%2Fwp%2Fv2%2Ftags&post=3453"}],"curies":[{"name":"wp","href":"https:\/\/api.w.org\/{rel}","templated":true}]}}